{"id":217,"date":"2013-05-08T14:55:42","date_gmt":"2013-05-08T14:55:42","guid":{"rendered":"http:\/\/isctejuniorconsulting.pt\/rota\/?p=217"},"modified":"2020-09-15T12:36:58","modified_gmt":"2020-09-15T12:36:58","slug":"ciclo-cinema-2","status":"publish","type":"post","link":"https:\/\/cesa.rc.iseg.ulisboa.pt\/rotadoescravo\/?p=217","title":{"rendered":"Ciclo Cinema"},"content":{"rendered":"<p><a href=\"http:\/\/cesa.rc.iseg.ulisboa.pt\/rotadoescravo\/wp-content\/uploads\/2013\/07\/historiadobrasil1.jpg\"><img loading=\"lazy\" class=\"alignnone size-medium wp-image-219\" alt=\"historiadobrasil1\" src=\"http:\/\/isctejuniorconsulting.pt\/rota\/wp-content\/uploads\/2013\/07\/historiadobrasil1-300x195.jpg\" width=\"300\" height=\"195\" srcset=\"https:\/\/cesa.rc.iseg.ulisboa.pt\/rotadoescravo\/wp-content\/uploads\/2013\/07\/historiadobrasil1-300x195.jpg 300w, https:\/\/cesa.rc.iseg.ulisboa.pt\/rotadoescravo\/wp-content\/uploads\/2013\/07\/historiadobrasil1.jpg 700w\" sizes=\"(max-width: 300px) 100vw, 300px\" \/><\/a><\/p>\n<p><b>\u201cRotas do escravo: registos da escravatura II\u201d<\/b><\/p>\n<p><em>S\u00c3O TOM\u00c9: OS \u00daLTIMOS CONTRATADOS<\/em> &#8211; \u00a0de Le\u00e3o Lopes, 2009. 50 minutos.\u00a0Apresenta\u00e7\u00e3o: Inoc\u00eancia Mata (COMIT\u00c9, CEC\/FLUL)<\/p>\n<p><em>O CONTRATO \u2013 O COLONIALISMO PORTUGU\u00caS NO FIM DO S\u00c9CULO XIX<\/em> &#8211;\u00a0de Anabela Saint-Maurice, RTP, Lisboa, 1999. 50 minutos. &#8211;\u00a0Apresenta\u00e7\u00e3o: Anabela Saint-Maurice (RTP) a confirmar<\/p>\n<p><em>QUILOMBO<\/em> &#8211;\u00a0de Carlos Diegues,1994. 119 minutos &#8211;\u00a0Apresenta\u00e7\u00e3o: Ant\u00f3nio Loja Neves (Jornalista e cineasta)<\/p>\n<p>&nbsp;<\/p>\n","protected":false},"excerpt":{"rendered":"<p>\u201cRotas do escravo: registos da escravatura II\u201d S\u00c3O TOM\u00c9: OS \u00daLTIMOS CONTRATADOS &#8211; \u00a0de Le\u00e3o Lopes, 2009. 50 minutos.\u00a0Apresenta\u00e7\u00e3o: Inoc\u00eancia Mata (COMIT\u00c9, CEC\/FLUL) O CONTRATO \u2013 O COLONIALISMO PORTUGU\u00caS NO FIM DO S\u00c9CULO XIX &#8211;\u00a0de Anabela Saint-Maurice, RTP, Lisboa, 1999. 50 minutos. &#8211;\u00a0Apresenta\u00e7\u00e3o: Anabela Saint-Maurice (RTP) a confirmar QUILOMBO &#8211;\u00a0de Carlos Diegues,1994. 119 minutos &#8211;\u00a0Apresenta\u00e7\u00e3o: &hellip; <\/p>\n<p class=\"link-more\"><a href=\"https:\/\/cesa.rc.iseg.ulisboa.pt\/rotadoescravo\/?p=217\" class=\"more-link\">Continue reading<span class=\"screen-reader-text\"> &#8220;Ciclo Cinema&#8221;<\/span><\/a><\/p>\n","protected":false},"author":3,"featured_media":0,"comment_status":"closed","ping_status":"closed","sticky":false,"template":"","format":"standard","meta":[],"categories":[2,3],"tags":[],"_links":{"self":[{"href":"https:\/\/cesa.rc.iseg.ulisboa.pt\/rotadoescravo\/index.php?rest_route=\/wp\/v2\/posts\/217"}],"collection":[{"href":"https:\/\/cesa.rc.iseg.ulisboa.pt\/rotadoescravo\/index.php?rest_route=\/wp\/v2\/posts"}],"about":[{"href":"https:\/\/cesa.rc.iseg.ulisboa.pt\/rotadoescravo\/index.php?rest_route=\/wp\/v2\/types\/post"}],"author":[{"embeddable":true,"href":"https:\/\/cesa.rc.iseg.ulisboa.pt\/rotadoescravo\/index.php?rest_route=\/wp\/v2\/users\/3"}],"replies":[{"embeddable":true,"href":"https:\/\/cesa.rc.iseg.ulisboa.pt\/rotadoescravo\/index.php?rest_route=%2Fwp%2Fv2%2Fcomments&post=217"}],"version-history":[{"count":1,"href":"https:\/\/cesa.rc.iseg.ulisboa.pt\/rotadoescravo\/index.php?rest_route=\/wp\/v2\/posts\/217\/revisions"}],"predecessor-version":[{"id":394,"href":"https:\/\/cesa.rc.iseg.ulisboa.pt\/rotadoescravo\/index.php?rest_route=\/wp\/v2\/posts\/217\/revisions\/394"}],"wp:attachment":[{"href":"https:\/\/cesa.rc.iseg.ulisboa.pt\/rotadoescravo\/index.php?rest_route=%2Fwp%2Fv2%2Fmedia&parent=217"}],"wp:term":[{"taxonomy":"category","embeddable":true,"href":"https:\/\/cesa.rc.iseg.ulisboa.pt\/rotadoescravo\/index.php?rest_route=%2Fwp%2Fv2%2Fcategories&post=217"},{"taxonomy":"post_tag","embeddable":true,"href":"https:\/\/cesa.rc.iseg.ulisboa.pt\/rotadoescravo\/index.php?rest_route=%2Fwp%2Fv2%2Ftags&post=217"}],"curies":[{"name":"wp","href":"https:\/\/api.w.org\/{rel}","templated":true}]}}