{"id":204,"date":"2013-05-07T14:48:56","date_gmt":"2013-05-07T14:48:56","guid":{"rendered":"http:\/\/isctejuniorconsulting.pt\/rota\/?p=204"},"modified":"2020-09-15T12:36:58","modified_gmt":"2020-09-15T12:36:58","slug":"ciclo-de-cinema-2","status":"publish","type":"post","link":"https:\/\/cesa.rc.iseg.ulisboa.pt\/rotadoescravo\/?p=204","title":{"rendered":"Ciclo de Cinema"},"content":{"rendered":"<p><a href=\"http:\/\/cesa.rc.iseg.ulisboa.pt\/rotadoescravo\/wp-content\/uploads\/2013\/07\/Marc_Ferrez_1882.jpg\"><img loading=\"lazy\" class=\"alignnone size-medium wp-image-205\" alt=\"Marc_Ferrez_1882\" src=\"http:\/\/isctejuniorconsulting.pt\/rota\/wp-content\/uploads\/2013\/07\/Marc_Ferrez_1882-300x203.jpg\" width=\"300\" height=\"203\" srcset=\"https:\/\/cesa.rc.iseg.ulisboa.pt\/rotadoescravo\/wp-content\/uploads\/2013\/07\/Marc_Ferrez_1882-300x203.jpg 300w, https:\/\/cesa.rc.iseg.ulisboa.pt\/rotadoescravo\/wp-content\/uploads\/2013\/07\/Marc_Ferrez_1882.jpg 640w\" sizes=\"(max-width: 300px) 100vw, 300px\" \/><\/a><\/p>\n<p><b>\u201cRotas do escravo: registos da escravatura I\u201d<\/b><\/p>\n<p>&nbsp;<\/p>\n<p><em>LA ROUTE DE L\u2019ESCLAVAGE DANS L\u2019OC\u00c9AN INDIEN (<\/em>A Rota do Escravo no Oceano \u00cdndico) &#8211; de Sudel Fuma, 2007. Em franc\u00eas. 1h,05m. DVD. &#8211;\u00a0Apresenta\u00e7\u00e3o: Pedro Pereira Leite (COMIT\u00c9, CES)<\/p>\n<p>&nbsp;<\/p>\n<p><em>DEIXEM-ME AO MENOS SUBIR \u00c0S PALMEIRAS &#8211;<\/em> de Joaquim Lopes Barbosa, 1972. 85 minutos &#8211; Apresenta\u00e7\u00e3o: Maria Paula Meneses (CES Coimbra)<\/p>\n<p>&nbsp;<\/p>\n<p><em>ILHA DOS ESCRAVOS\u00a0<\/em>de Francisco Manso, 2008. 100 minutos. &#8211;\u00a0Apresenta\u00e7\u00e3o: Pires Laranjeira (FLUC)<\/p>\n<p>&nbsp;<\/p>\n<p>&nbsp;<\/p>\n<p>&nbsp;<\/p>\n<p>&nbsp;<\/p>\n<p>&nbsp;<\/p>\n","protected":false},"excerpt":{"rendered":"<p>\u201cRotas do escravo: registos da escravatura I\u201d &nbsp; LA ROUTE DE L\u2019ESCLAVAGE DANS L\u2019OC\u00c9AN INDIEN (A Rota do Escravo no Oceano \u00cdndico) &#8211; de Sudel Fuma, 2007. Em franc\u00eas. 1h,05m. DVD. &#8211;\u00a0Apresenta\u00e7\u00e3o: Pedro Pereira Leite (COMIT\u00c9, CES) &nbsp; DEIXEM-ME AO MENOS SUBIR \u00c0S PALMEIRAS &#8211; de Joaquim Lopes Barbosa, 1972. 85 minutos &#8211; Apresenta\u00e7\u00e3o: Maria &hellip; <\/p>\n<p class=\"link-more\"><a href=\"https:\/\/cesa.rc.iseg.ulisboa.pt\/rotadoescravo\/?p=204\" class=\"more-link\">Continue reading<span class=\"screen-reader-text\"> &#8220;Ciclo de Cinema&#8221;<\/span><\/a><\/p>\n","protected":false},"author":3,"featured_media":0,"comment_status":"closed","ping_status":"closed","sticky":false,"template":"","format":"standard","meta":[],"categories":[2,3],"tags":[],"_links":{"self":[{"href":"https:\/\/cesa.rc.iseg.ulisboa.pt\/rotadoescravo\/index.php?rest_route=\/wp\/v2\/posts\/204"}],"collection":[{"href":"https:\/\/cesa.rc.iseg.ulisboa.pt\/rotadoescravo\/index.php?rest_route=\/wp\/v2\/posts"}],"about":[{"href":"https:\/\/cesa.rc.iseg.ulisboa.pt\/rotadoescravo\/index.php?rest_route=\/wp\/v2\/types\/post"}],"author":[{"embeddable":true,"href":"https:\/\/cesa.rc.iseg.ulisboa.pt\/rotadoescravo\/index.php?rest_route=\/wp\/v2\/users\/3"}],"replies":[{"embeddable":true,"href":"https:\/\/cesa.rc.iseg.ulisboa.pt\/rotadoescravo\/index.php?rest_route=%2Fwp%2Fv2%2Fcomments&post=204"}],"version-history":[{"count":1,"href":"https:\/\/cesa.rc.iseg.ulisboa.pt\/rotadoescravo\/index.php?rest_route=\/wp\/v2\/posts\/204\/revisions"}],"predecessor-version":[{"id":395,"href":"https:\/\/cesa.rc.iseg.ulisboa.pt\/rotadoescravo\/index.php?rest_route=\/wp\/v2\/posts\/204\/revisions\/395"}],"wp:attachment":[{"href":"https:\/\/cesa.rc.iseg.ulisboa.pt\/rotadoescravo\/index.php?rest_route=%2Fwp%2Fv2%2Fmedia&parent=204"}],"wp:term":[{"taxonomy":"category","embeddable":true,"href":"https:\/\/cesa.rc.iseg.ulisboa.pt\/rotadoescravo\/index.php?rest_route=%2Fwp%2Fv2%2Fcategories&post=204"},{"taxonomy":"post_tag","embeddable":true,"href":"https:\/\/cesa.rc.iseg.ulisboa.pt\/rotadoescravo\/index.php?rest_route=%2Fwp%2Fv2%2Ftags&post=204"}],"curies":[{"name":"wp","href":"https:\/\/api.w.org\/{rel}","templated":true}]}}