{"id":198,"date":"2013-05-06T14:41:14","date_gmt":"2013-05-06T14:41:14","guid":{"rendered":"http:\/\/isctejuniorconsulting.pt\/rota\/?p=198"},"modified":"2020-09-15T12:36:58","modified_gmt":"2020-09-15T12:36:58","slug":"ciclo-de-cinema","status":"publish","type":"post","link":"https:\/\/cesa.rc.iseg.ulisboa.pt\/rotadoescravo\/?p=198","title":{"rendered":"Ciclo de Cinema"},"content":{"rendered":"<p>&nbsp;<\/p>\n<p style=\"text-align: left;\"><a href=\"http:\/\/cesa.rc.iseg.ulisboa.pt\/rotadoescravo\/wp-content\/uploads\/2013\/07\/S.-Tom\u00e9-35103_5.jpg\"><img loading=\"lazy\" class=\"alignnone size-medium wp-image-202\" alt=\"S. Tom\u00e9 35103_5\" src=\"http:\/\/isctejuniorconsulting.pt\/rota\/wp-content\/uploads\/2013\/07\/S.-Tom\u00e9-35103_5-224x300.jpg\" width=\"224\" height=\"300\" srcset=\"https:\/\/cesa.rc.iseg.ulisboa.pt\/rotadoescravo\/wp-content\/uploads\/2013\/07\/S.-Tom\u00e9-35103_5-224x300.jpg 224w, https:\/\/cesa.rc.iseg.ulisboa.pt\/rotadoescravo\/wp-content\/uploads\/2013\/07\/S.-Tom\u00e9-35103_5.jpg 714w\" sizes=\"(max-width: 224px) 100vw, 224px\" \/><\/a><\/p>\n<p style=\"text-align: left;\"><b>\u201c<\/b><b>Para repensar o tr\u00e1fico de seres humanos\u201d<\/b><b><\/b><\/p>\n<p style=\"text-align: left;\">\u00a0<b>15.00<\/b><b>: <\/b><b>APRESENTA\u00c7\u00c3O<\/b> do ciclo e justifica\u00e7\u00e3o das escolhas<\/p>\n<p style=\"text-align: left;\">INTERVEN\u00c7\u00c3O de\u00a0 Isabel Castro Henriques (COMIT\u00c9, FLUL)<\/p>\n<p style=\"text-align: left;\">\u00a0<b>1\u00aa Sess\u00e3o<\/b><b>: 16.00 &#8211;\u00a0<\/b><b>\u00a0<\/b>VIAGEM A NACALA &#8211;\u00a0de Brigitte Martinez, 2001. 75 minutos<\/p>\n<p style=\"text-align: left;\"><b>Apresenta\u00e7\u00e3o<\/b>: Joana Pereira Leite (CEsA\/ISEG)<\/p>\n<p style=\"text-align: left;\">\u00a0<b>2\u00aa Sess\u00e3o: <\/b><b>17.30 &#8211;\u00a0<\/b>\u00a0AMISTAD -de Steven Spielberg, 1997. 152 minutos<\/p>\n<p style=\"text-align: left;\"><b>Apresenta\u00e7\u00e3o<\/b>: Isabel Castro Henriques (COMIT\u00c9, FLUL)<\/p>\n","protected":false},"excerpt":{"rendered":"<p>&nbsp; \u201cPara repensar o tr\u00e1fico de seres humanos\u201d \u00a015.00: APRESENTA\u00c7\u00c3O do ciclo e justifica\u00e7\u00e3o das escolhas INTERVEN\u00c7\u00c3O de\u00a0 Isabel Castro Henriques (COMIT\u00c9, FLUL) \u00a01\u00aa Sess\u00e3o: 16.00 &#8211;\u00a0\u00a0VIAGEM A NACALA &#8211;\u00a0de Brigitte Martinez, 2001. 75 minutos Apresenta\u00e7\u00e3o: Joana Pereira Leite (CEsA\/ISEG) \u00a02\u00aa Sess\u00e3o: 17.30 &#8211;\u00a0\u00a0AMISTAD -de Steven Spielberg, 1997. 152 minutos Apresenta\u00e7\u00e3o: Isabel Castro Henriques (COMIT\u00c9, &hellip; <\/p>\n<p class=\"link-more\"><a href=\"https:\/\/cesa.rc.iseg.ulisboa.pt\/rotadoescravo\/?p=198\" class=\"more-link\">Continue reading<span class=\"screen-reader-text\"> &#8220;Ciclo de Cinema&#8221;<\/span><\/a><\/p>\n","protected":false},"author":3,"featured_media":0,"comment_status":"closed","ping_status":"closed","sticky":false,"template":"","format":"standard","meta":[],"categories":[2,3],"tags":[],"_links":{"self":[{"href":"https:\/\/cesa.rc.iseg.ulisboa.pt\/rotadoescravo\/index.php?rest_route=\/wp\/v2\/posts\/198"}],"collection":[{"href":"https:\/\/cesa.rc.iseg.ulisboa.pt\/rotadoescravo\/index.php?rest_route=\/wp\/v2\/posts"}],"about":[{"href":"https:\/\/cesa.rc.iseg.ulisboa.pt\/rotadoescravo\/index.php?rest_route=\/wp\/v2\/types\/post"}],"author":[{"embeddable":true,"href":"https:\/\/cesa.rc.iseg.ulisboa.pt\/rotadoescravo\/index.php?rest_route=\/wp\/v2\/users\/3"}],"replies":[{"embeddable":true,"href":"https:\/\/cesa.rc.iseg.ulisboa.pt\/rotadoescravo\/index.php?rest_route=%2Fwp%2Fv2%2Fcomments&post=198"}],"version-history":[{"count":1,"href":"https:\/\/cesa.rc.iseg.ulisboa.pt\/rotadoescravo\/index.php?rest_route=\/wp\/v2\/posts\/198\/revisions"}],"predecessor-version":[{"id":396,"href":"https:\/\/cesa.rc.iseg.ulisboa.pt\/rotadoescravo\/index.php?rest_route=\/wp\/v2\/posts\/198\/revisions\/396"}],"wp:attachment":[{"href":"https:\/\/cesa.rc.iseg.ulisboa.pt\/rotadoescravo\/index.php?rest_route=%2Fwp%2Fv2%2Fmedia&parent=198"}],"wp:term":[{"taxonomy":"category","embeddable":true,"href":"https:\/\/cesa.rc.iseg.ulisboa.pt\/rotadoescravo\/index.php?rest_route=%2Fwp%2Fv2%2Fcategories&post=198"},{"taxonomy":"post_tag","embeddable":true,"href":"https:\/\/cesa.rc.iseg.ulisboa.pt\/rotadoescravo\/index.php?rest_route=%2Fwp%2Fv2%2Ftags&post=198"}],"curies":[{"name":"wp","href":"https:\/\/api.w.org\/{rel}","templated":true}]}}