{"id":5,"count":1,"description":"Actividades relacionadas com a Exposi\u00e7\u00e3o Heran\u00e7as Africanas em Portugal","link":"https:\/\/cesa.rc.iseg.ulisboa.pt\/rotadoescravo\/?cat=5","name":"Exposi\u00e7\u00e3o Africanos em Portugal","slug":"exposicao-africanos-em-portugal","taxonomy":"category","parent":2,"meta":[],"_links":{"self":[{"href":"https:\/\/cesa.rc.iseg.ulisboa.pt\/rotadoescravo\/index.php?rest_route=\/wp\/v2\/categories\/5"}],"collection":[{"href":"https:\/\/cesa.rc.iseg.ulisboa.pt\/rotadoescravo\/index.php?rest_route=\/wp\/v2\/categories"}],"about":[{"href":"https:\/\/cesa.rc.iseg.ulisboa.pt\/rotadoescravo\/index.php?rest_route=\/wp\/v2\/taxonomies\/category"}],"up":[{"embeddable":true,"href":"https:\/\/cesa.rc.iseg.ulisboa.pt\/rotadoescravo\/index.php?rest_route=\/wp\/v2\/categories\/2"}],"wp:post_type":[{"href":"https:\/\/cesa.rc.iseg.ulisboa.pt\/rotadoescravo\/index.php?rest_route=%2Fwp%2Fv2%2Fposts&categories=5"}],"curies":[{"name":"wp","href":"https:\/\/api.w.org\/{rel}","templated":true}]}}