{"id":1464,"date":"2019-09-13T08:49:45","date_gmt":"2019-09-13T08:49:45","guid":{"rendered":"https:\/\/cesa.rc.iseg.ulisboa.pt\/nilus\/?p=1464"},"modified":"2019-09-18T10:05:08","modified_gmt":"2019-09-18T10:05:08","slug":"coloquio-internacional-oceano-indico-circulacoes-e-representacoes","status":"publish","type":"post","link":"https:\/\/cesa.rc.iseg.ulisboa.pt\/nilus\/conferencias\/coloquio-internacional-oceano-indico-circulacoes-e-representacoes\/","title":{"rendered":"Col\u00f3quio Internacional Oceano \u00cdndico: circula\u00e7\u00f5es e representa\u00e7\u00f5es"},"content":{"rendered":"<p><strong>O evento, in\u00e9dito em Portugal, prop\u00f5e-se reunir professores, investigadores, escritores, poetas e artistas de diversas \u00e1reas do Oceano \u00cdndico.<\/strong><\/p>\n<p>Objectivo do Col\u00f3quio \u00e9:<br \/>\n&#8211; reflectir sobre as representa\u00e7\u00f5es e circula\u00e7\u00f5es culturais no Oceano \u00cdndico<br \/>\n&#8211; fortalecer a colabora\u00e7\u00e3o acad\u00e9mica, cultural e art\u00edstica internacional no quadro dos Indian Ocean Studies.<\/p>\n<p><strong>Evento com entrada gratuita (sujeito a pr\u00e9-inscri\u00e7\u00e3o, em breve mais informa\u00e7\u00f5es)<\/strong><\/p>\n<p>Comiss\u00e3o Organizadora:<br \/>\nAna Mafalda Leite (FLUL-CESA)<br \/>\nJoana Pereira Leite (CESA\/ISEG)<br \/>\nJessica Falconi (CESA\/ISEG)<br \/>\nElena Brugioni (IEL\/UNICAMP)<br \/>\nGiulia Spinuzza (CESA\/ISEG)<\/p>\n<p>Institui\u00e7\u00e3o Proponente:<br \/>\nCEsA\/CSG, ISEG, Universidade de Lisboa<br \/>\nEvento realizado no \u00e2mbito do Projecto NILUS-Narrativas do Oceano \u00cdndico no Espa\u00e7o Lus\u00f3fono, financiado pela FCT (PTDC\/CPC-ELT\/4868\/2014) e coordenado pela Professora Ana Mafalda Leite (CEsA\/CSG e FLUL)<\/p>\n<p>Em breve, mais informa\u00e7\u00f5es na p\u00e1gina do <a href=\"https:\/\/cesa.rc.iseg.ulisboa.pt\/nilus\/coloquio-internacional-oceano-indico-circulacoes-e-representacoes\/\">Col\u00f3quio<\/a><\/p>\n","protected":false},"excerpt":{"rendered":"<p class=\"excerpt\">O evento, in\u00e9dito em Portugal, prop\u00f5e-se reunir professores, investigadores, escritores, poetas e artistas de diversas \u00e1reas do Oceano \u00cdndico. Objectivo do Col\u00f3quio \u00e9: &#8211; reflectir sobre as representa\u00e7\u00f5es e circula\u00e7\u00f5es culturais no Oceano \u00cdndico &#8211; fortalecer a colabora\u00e7\u00e3o acad\u00e9mica, cultural e art\u00edstica internacional no quadro dos Indian Ocean Studies. Evento com entrada gratuita (sujeito a [&hellip;]<\/p>\n","protected":false},"author":2,"featured_media":1465,"comment_status":"closed","ping_status":"closed","sticky":false,"template":"","format":"standard","meta":[],"categories":[3],"tags":[],"_links":{"self":[{"href":"https:\/\/cesa.rc.iseg.ulisboa.pt\/nilus\/wp-json\/wp\/v2\/posts\/1464"}],"collection":[{"href":"https:\/\/cesa.rc.iseg.ulisboa.pt\/nilus\/wp-json\/wp\/v2\/posts"}],"about":[{"href":"https:\/\/cesa.rc.iseg.ulisboa.pt\/nilus\/wp-json\/wp\/v2\/types\/post"}],"author":[{"embeddable":true,"href":"https:\/\/cesa.rc.iseg.ulisboa.pt\/nilus\/wp-json\/wp\/v2\/users\/2"}],"replies":[{"embeddable":true,"href":"https:\/\/cesa.rc.iseg.ulisboa.pt\/nilus\/wp-json\/wp\/v2\/comments?post=1464"}],"version-history":[{"count":2,"href":"https:\/\/cesa.rc.iseg.ulisboa.pt\/nilus\/wp-json\/wp\/v2\/posts\/1464\/revisions"}],"predecessor-version":[{"id":1483,"href":"https:\/\/cesa.rc.iseg.ulisboa.pt\/nilus\/wp-json\/wp\/v2\/posts\/1464\/revisions\/1483"}],"wp:featuredmedia":[{"embeddable":true,"href":"https:\/\/cesa.rc.iseg.ulisboa.pt\/nilus\/wp-json\/wp\/v2\/media\/1465"}],"wp:attachment":[{"href":"https:\/\/cesa.rc.iseg.ulisboa.pt\/nilus\/wp-json\/wp\/v2\/media?parent=1464"}],"wp:term":[{"taxonomy":"category","embeddable":true,"href":"https:\/\/cesa.rc.iseg.ulisboa.pt\/nilus\/wp-json\/wp\/v2\/categories?post=1464"},{"taxonomy":"post_tag","embeddable":true,"href":"https:\/\/cesa.rc.iseg.ulisboa.pt\/nilus\/wp-json\/wp\/v2\/tags?post=1464"}],"curies":[{"name":"wp","href":"https:\/\/api.w.org\/{rel}","templated":true}]}}