{"id":1364,"date":"2019-07-05T11:42:39","date_gmt":"2019-07-05T11:42:39","guid":{"rendered":"https:\/\/cesa.rc.iseg.ulisboa.pt\/nilus\/?p=1364"},"modified":"2019-07-05T11:45:30","modified_gmt":"2019-07-05T11:45:30","slug":"cinegrafias-mocambicanas-2019","status":"publish","type":"post","link":"https:\/\/cesa.rc.iseg.ulisboa.pt\/nilus\/publicacoes\/cinegrafias-mocambicanas-2019\/","title":{"rendered":"CineGrafias Mo\u00e7ambicanas &#8211; 2019"},"content":{"rendered":"<p>Ana Mafalda Leite, Investigadora Respons\u00e1vel do Projecto NILUS, \u00e9 a co-organizadora, com Carm\u00e9n Tind\u00f3 Secco, consultora do projeto NILUS, e com Lu\u00eds Carlos Patraquim, roteirista e escritor mo\u00e7ambicano, do livro <em>CineGrafias Mo\u00e7ambicanas: Mem\u00f3rias &amp; Cr\u00f4nicas &amp; Ensaios<\/em> (2019).<\/p>\n<p>Tendo em conta a escassez de informa\u00e7\u00e3o sobre o cinema mo\u00e7ambicano, esta publica\u00e7\u00e3o pretende colmatar essa lacuna; compila entrevistas (ensaios e cr\u00f3nicas) de cineastas mo\u00e7ambicanos e analisa obras consagradas de Ruy Guerra, Camilo de Sousa, Lic\u00ednio Azevedo, Isabel Noronha, Sol de Carvalho, Jo\u00e3o Ribeiro e Yara Costa. A publica\u00e7\u00e3o integra tamb\u00e9m a investiga\u00e7\u00e3o produzida no \u00e2mbito dos projectos NEVIS &#8211; Narrativas Escritas e Visuais da Na\u00e7\u00e3o P\u00f3s-Colonial e do j\u00e1 referido NILUS, ambos acolhidos pelo CEsA\/CSG, ISEG,<\/p>\n","protected":false},"excerpt":{"rendered":"<p class=\"excerpt\">Ana Mafalda Leite, Investigadora Respons\u00e1vel do Projecto NILUS, \u00e9 a co-organizadora, com Carm\u00e9n Tind\u00f3 Secco, consultora do projeto NILUS, e com Lu\u00eds Carlos Patraquim, roteirista e escritor mo\u00e7ambicano, do livro CineGrafias Mo\u00e7ambicanas: Mem\u00f3rias &amp; Cr\u00f4nicas &amp; Ensaios (2019). Tendo em conta a escassez de informa\u00e7\u00e3o sobre o cinema mo\u00e7ambicano, esta publica\u00e7\u00e3o pretende colmatar essa lacuna; [&hellip;]<\/p>\n","protected":false},"author":2,"featured_media":1363,"comment_status":"closed","ping_status":"closed","sticky":false,"template":"","format":"standard","meta":[],"categories":[112],"tags":[],"_links":{"self":[{"href":"https:\/\/cesa.rc.iseg.ulisboa.pt\/nilus\/wp-json\/wp\/v2\/posts\/1364"}],"collection":[{"href":"https:\/\/cesa.rc.iseg.ulisboa.pt\/nilus\/wp-json\/wp\/v2\/posts"}],"about":[{"href":"https:\/\/cesa.rc.iseg.ulisboa.pt\/nilus\/wp-json\/wp\/v2\/types\/post"}],"author":[{"embeddable":true,"href":"https:\/\/cesa.rc.iseg.ulisboa.pt\/nilus\/wp-json\/wp\/v2\/users\/2"}],"replies":[{"embeddable":true,"href":"https:\/\/cesa.rc.iseg.ulisboa.pt\/nilus\/wp-json\/wp\/v2\/comments?post=1364"}],"version-history":[{"count":3,"href":"https:\/\/cesa.rc.iseg.ulisboa.pt\/nilus\/wp-json\/wp\/v2\/posts\/1364\/revisions"}],"predecessor-version":[{"id":1368,"href":"https:\/\/cesa.rc.iseg.ulisboa.pt\/nilus\/wp-json\/wp\/v2\/posts\/1364\/revisions\/1368"}],"wp:featuredmedia":[{"embeddable":true,"href":"https:\/\/cesa.rc.iseg.ulisboa.pt\/nilus\/wp-json\/wp\/v2\/media\/1363"}],"wp:attachment":[{"href":"https:\/\/cesa.rc.iseg.ulisboa.pt\/nilus\/wp-json\/wp\/v2\/media?parent=1364"}],"wp:term":[{"taxonomy":"category","embeddable":true,"href":"https:\/\/cesa.rc.iseg.ulisboa.pt\/nilus\/wp-json\/wp\/v2\/categories?post=1364"},{"taxonomy":"post_tag","embeddable":true,"href":"https:\/\/cesa.rc.iseg.ulisboa.pt\/nilus\/wp-json\/wp\/v2\/tags?post=1364"}],"curies":[{"name":"wp","href":"https:\/\/api.w.org\/{rel}","templated":true}]}}