{"id":702,"date":"2020-07-20T18:29:37","date_gmt":"2020-07-20T18:29:37","guid":{"rendered":"https:\/\/cesa.rc.iseg.ulisboa.pt\/afroport\/?p=702"},"modified":"2020-07-20T18:40:24","modified_gmt":"2020-07-20T18:40:24","slug":"projeto-memorias-jose-luis-vieira","status":"publish","type":"post","link":"https:\/\/cesa.rc.iseg.ulisboa.pt\/afroport\/projeto-memorias-jose-luis-vieira\/","title":{"rendered":"Projeto Mem\u00f3rias &#8211; JOS\u00c9 LU\u00cdS VIEIRA"},"content":{"rendered":"\n<figure class=\"wp-block-embed-youtube wp-block-embed is-type-video is-provider-youtube wp-embed-aspect-16-9 wp-has-aspect-ratio\"><div class=\"wp-block-embed__wrapper\">\n<iframe title=\"Luis\" width=\"640\" height=\"360\" src=\"https:\/\/www.youtube.com\/embed\/UBmPzixs8Uw?feature=oembed\" frameborder=\"0\" allow=\"accelerometer; autoplay; encrypted-media; gyroscope; picture-in-picture\" allowfullscreen><\/iframe>\n<\/div><\/figure>\n\n\n\n<p>O senhor Lu\u00eds conta-nos que a urbaniza\u00e7\u00e3o da cidade de Lisboa se deu, principalmente, pelas m\u00e3os de cabo-verdianos. Tendo trabalhado durante anos tanto na constru\u00e7\u00e3o civil como na restaura\u00e7\u00e3o, falou-nos sobre a gentrifica\u00e7\u00e3o e as mudan\u00e7as que tem observado na paisagem social Lisboeta.&nbsp;<\/p>\n","protected":false},"excerpt":{"rendered":"<p>O senhor Lu\u00eds conta-nos que a urbaniza\u00e7\u00e3o da cidade de Lisboa se deu, principalmente, pelas m\u00e3os de cabo-verdianos. Tendo trabalhado durante anos tanto na constru\u00e7\u00e3o civil como na restaura\u00e7\u00e3o, falou-nos sobre a gentrifica\u00e7\u00e3o e as mudan\u00e7as que tem observado na paisagem social Lisboeta.&nbsp; [&#8230;]<\/p>\n<p><a class=\"btn btn-secondary understrap-read-more-link\" href=\"https:\/\/cesa.rc.iseg.ulisboa.pt\/afroport\/projeto-memorias-jose-luis-vieira\/\">Continuar a ler&#8230;<span class=\"screen-reader-text\"> from Projeto Mem\u00f3rias &#8211; JOS\u00c9 LU\u00cdS VIEIRA<\/span><\/a><\/p>\n","protected":false},"author":2,"featured_media":0,"comment_status":"open","ping_status":"open","sticky":false,"template":"","format":"standard","meta":[],"categories":[8,9],"tags":[30],"_links":{"self":[{"href":"https:\/\/cesa.rc.iseg.ulisboa.pt\/afroport\/wp-json\/wp\/v2\/posts\/702"}],"collection":[{"href":"https:\/\/cesa.rc.iseg.ulisboa.pt\/afroport\/wp-json\/wp\/v2\/posts"}],"about":[{"href":"https:\/\/cesa.rc.iseg.ulisboa.pt\/afroport\/wp-json\/wp\/v2\/types\/post"}],"author":[{"embeddable":true,"href":"https:\/\/cesa.rc.iseg.ulisboa.pt\/afroport\/wp-json\/wp\/v2\/users\/2"}],"replies":[{"embeddable":true,"href":"https:\/\/cesa.rc.iseg.ulisboa.pt\/afroport\/wp-json\/wp\/v2\/comments?post=702"}],"version-history":[{"count":2,"href":"https:\/\/cesa.rc.iseg.ulisboa.pt\/afroport\/wp-json\/wp\/v2\/posts\/702\/revisions"}],"predecessor-version":[{"id":713,"href":"https:\/\/cesa.rc.iseg.ulisboa.pt\/afroport\/wp-json\/wp\/v2\/posts\/702\/revisions\/713"}],"wp:attachment":[{"href":"https:\/\/cesa.rc.iseg.ulisboa.pt\/afroport\/wp-json\/wp\/v2\/media?parent=702"}],"wp:term":[{"taxonomy":"category","embeddable":true,"href":"https:\/\/cesa.rc.iseg.ulisboa.pt\/afroport\/wp-json\/wp\/v2\/categories?post=702"},{"taxonomy":"post_tag","embeddable":true,"href":"https:\/\/cesa.rc.iseg.ulisboa.pt\/afroport\/wp-json\/wp\/v2\/tags?post=702"}],"curies":[{"name":"wp","href":"https:\/\/api.w.org\/{rel}","templated":true}]}}